{"id":38699,"date":"2023-10-19T13:53:40","date_gmt":"2023-10-19T13:53:40","guid":{"rendered":"https:\/\/www.kaweco.com\/kaweco-stellt-profi-iii-gen-2-guellefass-vor\/"},"modified":"2023-10-19T13:53:40","modified_gmt":"2023-10-19T13:53:40","slug":"kaweco-stellt-profi-iii-gen-2-guellefass-vor","status":"publish","type":"post","link":"https:\/\/www.kaweco.com\/de\/kaweco-stellt-profi-iii-gen-2-guellefass-vor\/","title":{"rendered":"KAWECO stellt PROFI III Gen. 2 G\u00fcllefass vor"},"content":{"rendered":"<p>KAWECO, Hersteller von G\u00fcllef\u00e4ssern, Schlitzger\u00e4ten, H\u00e4ckselwagen und Hofladern, bringt ein neues G\u00fcllefass auf den Markt: den PROFI III Gen. 2. Das Highlight dieser Maschine ist die selbstansaugende Kreiselpumpe, die komplett im eigenen Haus entwickelt wurde. Auf der Agritechnica wird der PROFI III Gen. 2 erstmals der \u00d6ffentlichkeit vorgestellt.<\/p>\n<p><strong>Herkunft<\/strong><br \/>\nJahrelange Erfahrung in der G\u00fclletechnik und ein vorausschauender Blick in die Zukunft lie\u00dfen bei KAWECO den Wunsch nach einem Pumpensystem mit hoher Leistung und geringem Verschlei\u00df entstehen. Eine selbstansaugende Kreiselpumpe erwies sich schnell als die beste L\u00f6sung. Diese ben\u00f6tigt keine zus\u00e4tzliche Vakuum- oder Drehkolbenpumpe zur Versorgung der Kreiselpumpe mit G\u00fclle. Kurzum: ein in sich geschlossenes System ohne den Einsatz einer zus\u00e4tzlichen Pumpe.<\/p>\n<p>Au\u00dferdem war es w\u00fcnschenswert, die Anzahl der Produktreihen zu reduzieren, um die Produktpalette f\u00fcr den Endkunden \u00fcbersichtlicher zu gestalten. Unter anderem deshalb wurde beschlossen, der Turbotank mit der aktuellen PROFI III-Serie zu einer Maschine zu verschmelzen: zum PROFI III Gen. 2. zusammen sind der Turbotank und der PROFI III zu einem neuen Design f\u00fcr Kunden geworden, die h\u00f6chste Kapazit\u00e4t verlangen.<\/p>\n<p><strong>Konstruktion<\/strong><br \/>\nDas Fass hat ein integriertes Fahrgestell, welches f\u00fcr einen niedriger Schwerpunkt und eine hohe Stabilit\u00e4t sorgt. Es ist zudem m\u00f6glich, gro\u00dfe Reifen zu montieren. Eine hohe Hubkapazit\u00e4t ist ein Muss f\u00fcr das Anbringen eines gro\u00dfen und breiten G\u00fclleverteilers. Eine Hubkapazit\u00e4t von bis zu 9 Tonnen erm\u00f6glicht den Anbau der schwersten Anbauger\u00e4te.<\/p>\n<p><strong>Lenkung<\/strong><br \/>\nDie Lenkung der Achse(n) erfolgt \u00fcber die sogenannte Gyroskop-Lenkung. Dabei handelt es sich um ein elektrohydraulisches Lenksystem, das keine Lenkstange ben\u00f6tigt, um den Winkel zwischen Traktor und Fass zu messen. Ein Ausrichten wie bei einer herk\u00f6mmlichen Lenkung ist hier nicht erforderlich.<\/p>\n<p><strong>Schneidwerk<\/strong><br \/>\nEinzigartig ist die M\u00f6glichkeit eines Schneidreinigers in Kombination mit der Kreiselpumpe. Schwere und unerw\u00fcnschte Gegenst\u00e4nde setzen sich w\u00e4hrend des Bef\u00fcllvorgangs im\u00a0 Schneidreiniger ab und Gras- oder Strohreste werden zerkleinert. Dadurch bleibt die G\u00fclle \u201csauber\u201c und Verz\u00f6gerungen durch Verstopfungen im G\u00fclleverteiler oder in den G\u00fclleschl\u00e4uchen des Anbauger\u00e4ts werden reduziert.<\/p>\n<p><strong>Zukunft<\/strong><br \/>\nNeben der aktuellen 28m\u00b3 Variante des PROFI III Gen. 2 werden in naher Zukunft weitere Modelle folgen. Im Tandemsegment kommt ein 20m\u00b3 Fass mit 800\/60R32 Reifen und ein 23m\u00b3 Fass mit 900\/70R38 Reifen. Im 3- Achser Segment wird es ebenfalls weitere Varianten geben.<\/p>\n<p>Das KAWECO-Team steht Ihnen auf der Agritechnica am <strong>Stand C30 in Halle 22<\/strong> gerne zur Verf\u00fcgung.<\/p>\n<p>&nbsp;<\/p>\n<p>Auf der Agritechnica in Hannover wird der PROFI III Gen. 2 erstmals der \u00d6ffentlichkeit vorgestellt. Das KAWECO-Team steht Ihnen am Stand C30 in Halle 22 gerne f\u00fcr eine Beratung zur Verf\u00fcgung.<\/p>\n","protected":false},"excerpt":{"rendered":"<p>KAWECO, Hersteller von G\u00fcllef\u00e4ssern, Schlitzger\u00e4ten, H\u00e4ckselwagen und Hofladern, bringt ein neues G\u00fcllefass auf den Markt: den PROFI III Gen. 2. Das Highlight dieser Maschine ist die selbstansaugende Kreiselpumpe, die komplett im eigenen Haus entwickelt wurde. Auf der Agritechnica wird der PROFI III Gen. 2 erstmals der \u00d6ffentlichkeit vorgestellt. Herkunft Jahrelange Erfahrung in der G\u00fclletechnik und [&hellip;]<\/p>\n","protected":false},"author":10,"featured_media":38611,"comment_status":"closed","ping_status":"closed","sticky":false,"template":"","format":"standard","meta":{"_acf_changed":false,"footnotes":""},"categories":[57],"tags":[],"\/":[],"class_list":["post-38699","post","type-post","status-publish","format-standard","has-post-thumbnail","hentry","category-nieuws-de"],"acf":[],"images":{"medium":"https:\/\/www.kaweco.com\/wp-content\/uploads\/2023\/10\/PROFI-III.28-Gen.-2-Press-Release-4-300x200.jpg","large":"https:\/\/www.kaweco.com\/wp-content\/uploads\/2023\/10\/PROFI-III.28-Gen.-2-Press-Release-4-1024x683.jpg"},"_links":{"self":[{"href":"https:\/\/www.kaweco.com\/de\/wp-json\/wp\/v2\/posts\/38699","targetHints":{"allow":["GET"]}}],"collection":[{"href":"https:\/\/www.kaweco.com\/de\/wp-json\/wp\/v2\/posts"}],"about":[{"href":"https:\/\/www.kaweco.com\/de\/wp-json\/wp\/v2\/types\/post"}],"author":[{"embeddable":true,"href":"https:\/\/www.kaweco.com\/de\/wp-json\/wp\/v2\/users\/10"}],"replies":[{"embeddable":true,"href":"https:\/\/www.kaweco.com\/de\/wp-json\/wp\/v2\/comments?post=38699"}],"version-history":[{"count":0,"href":"https:\/\/www.kaweco.com\/de\/wp-json\/wp\/v2\/posts\/38699\/revisions"}],"wp:featuredmedia":[{"embeddable":true,"href":"https:\/\/www.kaweco.com\/de\/wp-json\/wp\/v2\/media\/38611"}],"wp:attachment":[{"href":"https:\/\/www.kaweco.com\/de\/wp-json\/wp\/v2\/media?parent=38699"}],"wp:term":[{"taxonomy":"category","embeddable":true,"href":"https:\/\/www.kaweco.com\/de\/wp-json\/wp\/v2\/categories?post=38699"},{"taxonomy":"post_tag","embeddable":true,"href":"https:\/\/www.kaweco.com\/de\/wp-json\/wp\/v2\/tags?post=38699"},{"taxonomy":"machine_type","embeddable":true,"href":"https:\/\/www.kaweco.com\/de\/wp-json\/wp\/v2\/?post=38699"}],"curies":[{"name":"wp","href":"https:\/\/api.w.org\/{rel}","templated":true}]}}